{"provider_url": "https://www.talisma.to.leg.br", "title": "Sess\u00f5es de Mar\u00e7o/2026", "html": "<p>Convidamos voc\u00ea a acompanhar as Sess\u00f5es Ordin\u00e1rias da\u00a0<b>C\u00e2mara Municipal de Talism\u00e3/TO,</b>\u00a0um espa\u00e7o democr\u00e1tico onde as decis\u00f5es que impactam diretamente o futuro da nossa cidade s\u00e3o tomadas.</p>\r\n<p><b>Junte-se a n\u00f3s e fa\u00e7a a diferen\u00e7a!</b></p>\r\n<p><b>\u2022\u00a0Fique por dentro:</b>\u00a0Acompanhe os principais assuntos em prol da nossa cidade.<br /><b><b>\u2022\u00a0</b>Exer\u00e7a sua cidadania:</b>\u00a0Participe ativamente do futuro do nosso munic\u00edpio.<br /><b><b>\u2022\u00a0</b>Transpar\u00eancia:</b>\u00a0Tenha acesso direto \u00e0s decis\u00f5es e debates realizados nesta C\u00e2mara Municipal.</p>\r\n<p><b>Data das Sess\u00f5es do m\u00eas de Mar\u00e7o/2026:</b></p>\r\n<p><b><b>\u2022\u00a0</b>Dias:</b>\u00a0<strong>09, 13, 19, 25 e 31/03/2026</strong>.<br /><b><b>\u2022\u00a0</b>Hor\u00e1rio:</b>\u00a0<b>19 horas</b><br /><b><b>\u2022\u00a0</b>Onde:</b>\u00a0<b>Plen\u00e1rio da C\u00e2mara de Talism\u00e3/TO</b></p>\r\n<p><b>Contamos com a sua presen\u00e7a!</b></p>\r\n<p><strong><i>C\u00e2mara Municipal de Talism\u00e3/TO, </i></strong><i>Ver.\u00a0<span>Marcos Pimentel da Silva</span> - Presidente.</i></p>", "author_name": "", "version": "1.0", "author_url": "https://www.talisma.to.leg.br/author/talis", "provider_name": "C\u00e2mara de Talism\u00e3/TO", "type": "rich"}