{"provider_url": "https://www.talisma.to.leg.br", "title": "Antecipa\u00e7\u00e3o de Sess\u00e3o", "html": "<p>A <b>C\u00e2mara Municipal de Talism\u00e3</b> comunica a todos os cidad\u00e3os, parlamentares e servidores que houve uma altera\u00e7\u00e3o no cronograma das atividades legislativas deste m\u00eas.</p>\r\n<p>A <b>4\u00aa Sess\u00e3o Ordin\u00e1ria de mar\u00e7o</b>, que estava prevista para ocorrer no dia 25, foi <b>antecipada para o dia 24 de mar\u00e7o (ter\u00e7a-feira)</b>. \u00c9 importante ressaltar que o hor\u00e1rio de in\u00edcio permanece inalterado, mantendo-se \u00e0s <b>19h</b>.</p>\r\n<p><b>Pauta e Relev\u00e2ncia</b></p>\r\n<p>A antecipa\u00e7\u00e3o visa garantir a fluidez dos trabalhos da Casa. Segundo a Presid\u00eancia, a sess\u00e3o contar\u00e1 com a discuss\u00e3o de temas de extrema relev\u00e2ncia para a coletividade e de interesse p\u00fablico geral.</p>\r\n<p><b><b>Comunicado</b></b></p>\r\n<p><b>O qu\u00ea:</b> 4\u00aa Sess\u00e3o Ordin\u00e1ria do m\u00eas de mar\u00e7o.</p>\r\n<p><b>Nova Data:</b> 24 de mar\u00e7o de 2026.</p>\r\n<p><b>Hor\u00e1rio:</b> 19h.</p>\r\n<p><b>Local:</b> Plen\u00e1rio da C\u00e2mara Municipal de Talism\u00e3.</p>\r\n<p><b>Arquivo do Comunicado:</b> <a class=\"external-link\" href=\"https://sapl.talisma.to.leg.br/media/sapl/private/documentoadministrativo/927/cm_ta_comunicado_-_antecipacao_de_sessao.pdf\" target=\"_blank\" title=\"\">Acesse aqui</a>.</p>\r\n<p>O Presidente da Casa, vereador <b>Marcos Pimentel da Silva</b>, refor\u00e7a o convite para que a comunidade acompanhe os trabalhos legislativos e participe ativamente das decis\u00f5es que impactam o munic\u00edpio.</p>", "author_name": "", "version": "1.0", "author_url": "https://www.talisma.to.leg.br/author/talis", "provider_name": "C\u00e2mara de Talism\u00e3/TO", "type": "rich"}